{"id":2371,"date":"2022-04-11T15:00:33","date_gmt":"2022-04-11T13:00:33","guid":{"rendered":"https:\/\/www.dejanlazic.com\/dejans-new-compositions-premiering-in-italy-switzerland\/"},"modified":"2023-05-19T22:35:15","modified_gmt":"2023-05-19T20:35:15","slug":"dejans-new-compositions-premiering-in-italy-switzerland","status":"publish","type":"post","link":"https:\/\/www.dejanlazic.com\/de\/dejans-new-compositions-premiering-in-italy-switzerland\/","title":{"rendered":"Dejan&#8217;s neue Kompositionen in Italien &#038; in der Schweiz"},"content":{"rendered":"<p><span class=\"Q4iAWc\"><em><em class=\"versalie\">I<\/em><\/em>m Fr\u00fchjahr und Sommer 2022 wird Dejan drei seiner neuen Kompositionen in Italien und in der Schweiz urauff\u00fchren!<\/span><\/p>\n<p><span class=\"JLqJ4b\" data-language-for-alternatives=\"de\" data-language-to-translate-into=\"en\" data-phrase-index=\"1\" data-number-of-phrases=\"9\"><span class=\"Q4iAWc\">Im wundersch\u00f6nen Teatro Morlacchi in Perugia wird er \u201eRhapsodie im istrischen Stil\u201c (Op. 18b) f\u00fcr Klavier solo als Teil seines dortigen Recitals urauff\u00fchren.<\/span> <span class=\"Q4iAWc\">Dieses Werk wird er sp\u00e4ter in diesem Sommer beim Gstaad Menuhin Festival in der Schweiz erneut auff\u00fchren, dies wird die Schweizer Erstauff\u00fchrung sein.<\/span> <\/span><\/p>\n<p><span class=\"JLqJ4b\" data-language-for-alternatives=\"de\" data-language-to-translate-into=\"en\" data-phrase-index=\"1\" data-number-of-phrases=\"9\"><span class=\"Q4iAWc\">In Gstaad wird er auch sein neues Werk mit dem Titel \u201eKaleidoskop\u201c \u2013 Reflexionen \u00fcber das Motiv G. S. (T.) A. A. D. f\u00fcr Klarinette, Violoncello und Klavier (Op. 28) urauff\u00fchren, zusammen mit Andreas Ottensamer (Klarinette) und Sol Gabetta<\/span>\u00a0<span class=\"Q4iAWc\">(Violoncello) im Rahmen ihres gemeinsamen Trio-Konzerts beim Festival.<\/span> <span class=\"Q4iAWc\">Au\u00dferdem wird Dejan dort eine Urauff\u00fchrung seines neuen Schubert-Arrangements \u201eDer Hirt auf dem Felsen\u201c f\u00fcr Klavier solo, als Teil seines Klavierabends geben.\u00a0<\/span><\/span><\/p>\n<p><span class=\"JLqJ4b\" data-language-for-alternatives=\"de\" data-language-to-translate-into=\"en\" data-phrase-index=\"1\" data-number-of-phrases=\"9\"><span class=\"Q4iAWc\">Alle Werke erscheinen beim Sikorski Musikverlag, wo mehr Informationen sowie Notenausgaben jetzt erh\u00e4ltlich sind.<\/span><\/span><\/p>\n","protected":false},"excerpt":{"rendered":"Im Fr\u00fchjahr und Sommer 2022 wird Dejan drei seiner neuen Kompositionen in Italien und in der Schweiz urauff\u00fchren! Im wundersch\u00f6nen Teatro Morlacchi in Perugia wird er \u201eRhapsodie im istrischen Stil\u201c (Op. 18b) f\u00fcr Klavier solo als Teil seines dortigen Recitals urauff\u00fchren. Dieses Werk wird er sp\u00e4ter in diesem Sommer beim Gstaad Menuhin Festival in der [&hellip;]","protected":false},"author":3,"featured_media":0,"comment_status":"closed","ping_status":"closed","sticky":false,"template":"","format":"standard","meta":{"_acf_changed":false,"footnotes":""},"categories":[8],"tags":[],"acf":[],"_links":{"self":[{"href":"https:\/\/www.dejanlazic.com\/de\/wp-json\/wp\/v2\/posts\/2371"}],"collection":[{"href":"https:\/\/www.dejanlazic.com\/de\/wp-json\/wp\/v2\/posts"}],"about":[{"href":"https:\/\/www.dejanlazic.com\/de\/wp-json\/wp\/v2\/types\/post"}],"author":[{"embeddable":true,"href":"https:\/\/www.dejanlazic.com\/de\/wp-json\/wp\/v2\/users\/3"}],"replies":[{"embeddable":true,"href":"https:\/\/www.dejanlazic.com\/de\/wp-json\/wp\/v2\/comments?post=2371"}],"version-history":[{"count":-2,"href":"https:\/\/www.dejanlazic.com\/de\/wp-json\/wp\/v2\/posts\/2371\/revisions"}],"wp:attachment":[{"href":"https:\/\/www.dejanlazic.com\/de\/wp-json\/wp\/v2\/media?parent=2371"}],"wp:term":[{"taxonomy":"category","embeddable":true,"href":"https:\/\/www.dejanlazic.com\/de\/wp-json\/wp\/v2\/categories?post=2371"},{"taxonomy":"post_tag","embeddable":true,"href":"https:\/\/www.dejanlazic.com\/de\/wp-json\/wp\/v2\/tags?post=2371"}],"curies":[{"name":"wp","href":"https:\/\/api.w.org\/{rel}","templated":true}]}}