{"id":2629,"date":"2023-05-18T22:38:03","date_gmt":"2023-05-18T20:38:03","guid":{"rendered":"https:\/\/www.dejanlazic.com\/successful-recital-at-the-teatro-colon-buenos-aires\/"},"modified":"2023-12-06T17:06:06","modified_gmt":"2023-12-06T16:06:06","slug":"successful-recital-at-the-teatro-colon-buenos-aires","status":"publish","type":"post","link":"https:\/\/www.dejanlazic.com\/de\/successful-recital-at-the-teatro-colon-buenos-aires\/","title":{"rendered":"Erfolgreiches Solo-Rezital im Teatro Col\u00f3n, Buenos Aires"},"content":{"rendered":"<p><em><em class=\"versalie\">A<\/em><\/em>m 24. April 2023 kehrte Dejan zum f\u00fcnften Mal an das Teatro Col\u00f3n in Buenos Aires, Argentinien zur\u00fcck, um ein Soloabend mit Werken von Mozart, Beethoven, Schubert \/ Lazi\u0107, Brahms und Lazi\u0107 zu geben.<\/p>\n<p>Der Abend war f\u00fcr Presse und Publikum ein voller Erfolg!<\/p>\n<img loading=\"lazy\" decoding=\"async\" class=\"alignnone size-thumbnail wp-image-2624\" src=\"https:\/\/www.dejanlazic.com\/wp-content\/uploads\/2023\/05\/IMG_9329-300x300.jpg\" alt=\"\" width=\"300\" height=\"300\" srcset=\"https:\/\/www.dejanlazic.com\/wp-content\/uploads\/2023\/05\/IMG_9329-300x300.jpg 300w, https:\/\/www.dejanlazic.com\/wp-content\/uploads\/2023\/05\/IMG_9329-600x600.jpg 600w, https:\/\/www.dejanlazic.com\/wp-content\/uploads\/2023\/05\/IMG_9329-1400x1400.jpg 1400w, https:\/\/www.dejanlazic.com\/wp-content\/uploads\/2023\/05\/IMG_9329-768x768.jpg 768w, https:\/\/www.dejanlazic.com\/wp-content\/uploads\/2023\/05\/IMG_9329-400x400.jpg 400w, https:\/\/www.dejanlazic.com\/wp-content\/uploads\/2023\/05\/IMG_9329.jpg 1440w\" sizes=\"(max-width: 300px) 100vw, 300px\" \/>\n<p><a href=\"https:\/\/www.mozarteumargentino.org\/concierto\/dejan-lazic-piano-2022\/\" target=\"_blank\" rel=\"noopener\">Dejan Lazi\u0107 Rezital \/ Teatro Col\u00f3n<\/a><\/p>\n","protected":false},"excerpt":{"rendered":"Am 24. April 2023 kehrte Dejan zum f\u00fcnften Mal an das Teatro Col\u00f3n in Buenos Aires, Argentinien zur\u00fcck, um ein Soloabend mit Werken von Mozart, Beethoven, Schubert \/ Lazi\u0107, Brahms und Lazi\u0107 zu geben. Der Abend war f\u00fcr Presse und Publikum ein voller Erfolg! Dejan Lazi\u0107 Rezital \/ Teatro Col\u00f3n","protected":false},"author":3,"featured_media":0,"comment_status":"closed","ping_status":"closed","sticky":false,"template":"","format":"standard","meta":{"_acf_changed":false,"footnotes":""},"categories":[8],"tags":[],"acf":[],"_links":{"self":[{"href":"https:\/\/www.dejanlazic.com\/de\/wp-json\/wp\/v2\/posts\/2629"}],"collection":[{"href":"https:\/\/www.dejanlazic.com\/de\/wp-json\/wp\/v2\/posts"}],"about":[{"href":"https:\/\/www.dejanlazic.com\/de\/wp-json\/wp\/v2\/types\/post"}],"author":[{"embeddable":true,"href":"https:\/\/www.dejanlazic.com\/de\/wp-json\/wp\/v2\/users\/3"}],"replies":[{"embeddable":true,"href":"https:\/\/www.dejanlazic.com\/de\/wp-json\/wp\/v2\/comments?post=2629"}],"version-history":[{"count":-2,"href":"https:\/\/www.dejanlazic.com\/de\/wp-json\/wp\/v2\/posts\/2629\/revisions"}],"wp:attachment":[{"href":"https:\/\/www.dejanlazic.com\/de\/wp-json\/wp\/v2\/media?parent=2629"}],"wp:term":[{"taxonomy":"category","embeddable":true,"href":"https:\/\/www.dejanlazic.com\/de\/wp-json\/wp\/v2\/categories?post=2629"},{"taxonomy":"post_tag","embeddable":true,"href":"https:\/\/www.dejanlazic.com\/de\/wp-json\/wp\/v2\/tags?post=2629"}],"curies":[{"name":"wp","href":"https:\/\/api.w.org\/{rel}","templated":true}]}}