{"id":3076,"date":"2024-06-10T18:16:03","date_gmt":"2024-06-10T16:16:03","guid":{"rendered":"https:\/\/www.dejanlazic.com\/season-2024-25-on-three-continents-two-new-cd-releases\/"},"modified":"2024-06-14T09:19:59","modified_gmt":"2024-06-14T07:19:59","slug":"season-2024-25-on-three-continents-two-new-cd-releases","status":"publish","type":"post","link":"https:\/\/www.dejanlazic.com\/de\/season-2024-25-on-three-continents-two-new-cd-releases\/","title":{"rendered":"Neue Saison 2024\/25 auf 3 Kontinenten, mit 2 neuen CDs &#038; mit neuen Kompositionen!"},"content":{"rendered":"<p><span class=\"Y2IQFc\" lang=\"de\"><em><em class=\"versalie\">I<\/em><\/em>n der Saison 2024\/25 wird Dejan als Pianist und Komponist auf drei Kontinenten auftreten: In Europa, Nordamerika und in Asien. Er wird Soloabende geben, mit Orchestern auftreten und auch als Kammermusiker auf verschiedenen internationalen Festivals spielen. <\/span><\/p>\n<p><span class=\"Y2IQFc\" lang=\"de\">In der kommenden Saison wird Dejan au\u00dferdem zwei neue CDs ver\u00f6ffentlichen, auch seine verschiedene Kompositionen werden gespielt. Weitere Informationen und Highlights werden in K\u00fcrze ver\u00f6ffentlicht!<\/span><\/p>\n<img loading=\"lazy\" decoding=\"async\" class=\"alignnone wp-image-2420 size-medium\" src=\"https:\/\/www.dejanlazic.com\/wp-content\/uploads\/2018\/04\/dejan_lazic_0127_1-1-600x758.jpeg\" alt=\"\" width=\"600\" height=\"758\" srcset=\"https:\/\/www.dejanlazic.com\/wp-content\/uploads\/2018\/04\/dejan_lazic_0127_1-1-600x758.jpeg 600w, https:\/\/www.dejanlazic.com\/wp-content\/uploads\/2018\/04\/dejan_lazic_0127_1-1-1400x1769.jpeg 1400w, https:\/\/www.dejanlazic.com\/wp-content\/uploads\/2018\/04\/dejan_lazic_0127_1-1-768x970.jpeg 768w, https:\/\/www.dejanlazic.com\/wp-content\/uploads\/2018\/04\/dejan_lazic_0127_1-1-1216x1536.jpeg 1216w, https:\/\/www.dejanlazic.com\/wp-content\/uploads\/2018\/04\/dejan_lazic_0127_1-1-1621x2048.jpeg 1621w, https:\/\/www.dejanlazic.com\/wp-content\/uploads\/2018\/04\/dejan_lazic_0127_1-1-400x505.jpeg 400w, https:\/\/www.dejanlazic.com\/wp-content\/uploads\/2018\/04\/dejan_lazic_0127_1-1.jpeg 1979w\" sizes=\"(max-width: 600px) 100vw, 600px\" \/>\n","protected":false},"excerpt":{"rendered":"In der Saison 2024\/25 wird Dejan als Pianist und Komponist auf drei Kontinenten auftreten: In Europa, Nordamerika und in Asien. Er wird Soloabende geben, mit Orchestern auftreten und auch als Kammermusiker auf verschiedenen internationalen Festivals spielen. In der kommenden Saison wird Dejan au\u00dferdem zwei neue CDs ver\u00f6ffentlichen, auch seine verschiedene Kompositionen werden gespielt. Weitere Informationen [&hellip;]","protected":false},"author":3,"featured_media":0,"comment_status":"closed","ping_status":"closed","sticky":false,"template":"","format":"standard","meta":{"_acf_changed":false,"footnotes":""},"categories":[8],"tags":[],"acf":[],"_links":{"self":[{"href":"https:\/\/www.dejanlazic.com\/de\/wp-json\/wp\/v2\/posts\/3076"}],"collection":[{"href":"https:\/\/www.dejanlazic.com\/de\/wp-json\/wp\/v2\/posts"}],"about":[{"href":"https:\/\/www.dejanlazic.com\/de\/wp-json\/wp\/v2\/types\/post"}],"author":[{"embeddable":true,"href":"https:\/\/www.dejanlazic.com\/de\/wp-json\/wp\/v2\/users\/3"}],"replies":[{"embeddable":true,"href":"https:\/\/www.dejanlazic.com\/de\/wp-json\/wp\/v2\/comments?post=3076"}],"version-history":[{"count":3,"href":"https:\/\/www.dejanlazic.com\/de\/wp-json\/wp\/v2\/posts\/3076\/revisions"}],"predecessor-version":[{"id":3107,"href":"https:\/\/www.dejanlazic.com\/de\/wp-json\/wp\/v2\/posts\/3076\/revisions\/3107"}],"wp:attachment":[{"href":"https:\/\/www.dejanlazic.com\/de\/wp-json\/wp\/v2\/media?parent=3076"}],"wp:term":[{"taxonomy":"category","embeddable":true,"href":"https:\/\/www.dejanlazic.com\/de\/wp-json\/wp\/v2\/categories?post=3076"},{"taxonomy":"post_tag","embeddable":true,"href":"https:\/\/www.dejanlazic.com\/de\/wp-json\/wp\/v2\/tags?post=3076"}],"curies":[{"name":"wp","href":"https:\/\/api.w.org\/{rel}","templated":true}]}}