{"id":3895,"date":"2025-09-02T10:53:59","date_gmt":"2025-09-02T08:53:59","guid":{"rendered":"https:\/\/www.dejanlazic.com\/dejans-composition-s-c-h-e-rzo-for-orchestra-in-hungary-croatia\/"},"modified":"2026-04-11T16:49:03","modified_gmt":"2026-04-11T14:49:03","slug":"dejans-composition-s-c-h-e-rzo-for-orchestra-in-hungary-croatia","status":"publish","type":"post","link":"https:\/\/www.dejanlazic.com\/de\/dejans-composition-s-c-h-e-rzo-for-orchestra-in-hungary-croatia\/","title":{"rendered":"Dejans eigene Komposition &#8222;S.C.H.E.rzo&#8220; f\u00fcr Orchester in Kanada, Ungarn und Kroatien"},"content":{"rendered":"<p><span class=\"Y2IQFc\" lang=\"de\"><em><em class=\"versalie\">I<\/em><\/em><\/span>n diesem Fr\u00fchjahr erlebte Dejans eigene Komposition \u201eS.C.H.E.rzo\u201c f\u00fcr Orchester ihre ungarische und kroatische Erstauff\u00fchrung: Das Pannonische Philharmonische Orchester unter der Leitung von Tibor Bog\u00e1nyi f\u00fchrte dieses Werk in drei Konzerten in Budapest, P\u00e9cs und Osijek auf. Auf dem Programm stand au\u00dferdem Mozarts Klavierkonzert Nr. 21 in C-Dur, KV 467, mit Dejan als Solist!<\/p>\n<p>In der vergangenen Saison wurde dieses Werk auch beim Winnipeg New Music Festival (WNMF) in Kanada aufgef\u00fchrt.<\/p>\n<p>Mehr Information: <a href=\"https:\/\/www.boosey.com\/composer\/Dejan+Lazic\" target=\"_blank\" rel=\"noopener\">Boosey &amp; Hawkes \u2022 Sikorski Music Publishers<\/a><\/p>\n<img loading=\"lazy\" decoding=\"async\" class=\"alignnone size-medium wp-image-3891\" src=\"https:\/\/www.dejanlazic.com\/wp-content\/uploads\/2025\/09\/IMG_5820-600x328.jpeg\" alt=\"\" width=\"600\" height=\"328\" srcset=\"https:\/\/www.dejanlazic.com\/wp-content\/uploads\/2025\/09\/IMG_5820-600x328.jpeg 600w, https:\/\/www.dejanlazic.com\/wp-content\/uploads\/2025\/09\/IMG_5820-768x420.jpeg 768w, https:\/\/www.dejanlazic.com\/wp-content\/uploads\/2025\/09\/IMG_5820-400x219.jpeg 400w, https:\/\/www.dejanlazic.com\/wp-content\/uploads\/2025\/09\/IMG_5820.jpeg 1170w\" sizes=\"(max-width: 600px) 100vw, 600px\" \/>\n<img loading=\"lazy\" decoding=\"async\" class=\"alignnone size-medium wp-image-3889\" src=\"https:\/\/www.dejanlazic.com\/wp-content\/uploads\/2025\/09\/IMG_6428-600x400.jpeg\" alt=\"\" width=\"600\" height=\"400\" srcset=\"https:\/\/www.dejanlazic.com\/wp-content\/uploads\/2025\/09\/IMG_6428-600x400.jpeg 600w, https:\/\/www.dejanlazic.com\/wp-content\/uploads\/2025\/09\/IMG_6428-768x512.jpeg 768w, https:\/\/www.dejanlazic.com\/wp-content\/uploads\/2025\/09\/IMG_6428-400x267.jpeg 400w, https:\/\/www.dejanlazic.com\/wp-content\/uploads\/2025\/09\/IMG_6428.jpeg 1200w\" sizes=\"(max-width: 600px) 100vw, 600px\" \/>\n<img loading=\"lazy\" decoding=\"async\" class=\"alignnone size-medium wp-image-3931\" src=\"https:\/\/www.dejanlazic.com\/wp-content\/uploads\/2025\/09\/IMG_3829-600x775.jpeg\" alt=\"\" width=\"600\" height=\"775\" srcset=\"https:\/\/www.dejanlazic.com\/wp-content\/uploads\/2025\/09\/IMG_3829-600x775.jpeg 600w, https:\/\/www.dejanlazic.com\/wp-content\/uploads\/2025\/09\/IMG_3829-768x992.jpeg 768w, https:\/\/www.dejanlazic.com\/wp-content\/uploads\/2025\/09\/IMG_3829-400x517.jpeg 400w, https:\/\/www.dejanlazic.com\/wp-content\/uploads\/2025\/09\/IMG_3829.jpeg 1170w\" sizes=\"(max-width: 600px) 100vw, 600px\" \/>\n","protected":false},"excerpt":{"rendered":"In diesem Fr\u00fchjahr erlebte Dejans eigene Komposition \u201eS.C.H.E.rzo\u201c f\u00fcr Orchester ihre ungarische und kroatische Erstauff\u00fchrung: Das Pannonische Philharmonische Orchester unter der Leitung von Tibor Bog\u00e1nyi f\u00fchrte dieses Werk in drei Konzerten in Budapest, P\u00e9cs und Osijek auf. Auf dem Programm stand au\u00dferdem Mozarts Klavierkonzert Nr. 21 in C-Dur, KV 467, mit Dejan als Solist! In [&hellip;]","protected":false},"author":3,"featured_media":0,"comment_status":"closed","ping_status":"closed","sticky":false,"template":"","format":"standard","meta":{"_acf_changed":false,"footnotes":""},"categories":[8],"tags":[],"acf":[],"_links":{"self":[{"href":"https:\/\/www.dejanlazic.com\/de\/wp-json\/wp\/v2\/posts\/3895"}],"collection":[{"href":"https:\/\/www.dejanlazic.com\/de\/wp-json\/wp\/v2\/posts"}],"about":[{"href":"https:\/\/www.dejanlazic.com\/de\/wp-json\/wp\/v2\/types\/post"}],"author":[{"embeddable":true,"href":"https:\/\/www.dejanlazic.com\/de\/wp-json\/wp\/v2\/users\/3"}],"replies":[{"embeddable":true,"href":"https:\/\/www.dejanlazic.com\/de\/wp-json\/wp\/v2\/comments?post=3895"}],"version-history":[{"count":-1,"href":"https:\/\/www.dejanlazic.com\/de\/wp-json\/wp\/v2\/posts\/3895\/revisions"}],"wp:attachment":[{"href":"https:\/\/www.dejanlazic.com\/de\/wp-json\/wp\/v2\/media?parent=3895"}],"wp:term":[{"taxonomy":"category","embeddable":true,"href":"https:\/\/www.dejanlazic.com\/de\/wp-json\/wp\/v2\/categories?post=3895"},{"taxonomy":"post_tag","embeddable":true,"href":"https:\/\/www.dejanlazic.com\/de\/wp-json\/wp\/v2\/tags?post=3895"}],"curies":[{"name":"wp","href":"https:\/\/api.w.org\/{rel}","templated":true}]}}