{"id":5126,"date":"2026-08-31T12:46:23","date_gmt":"2026-08-31T10:46:23","guid":{"rendered":"https:\/\/www.dejanlazic.com\/world-premiere-brahms-lazic-piano-concerto-no-4-after-the-double-concerto-op-102\/"},"modified":"2026-08-31T15:44:10","modified_gmt":"2026-08-31T13:44:10","slug":"world-premiere-brahms-lazic-piano-concerto-no-4-after-the-double-concerto-op-102","status":"publish","type":"post","link":"https:\/\/www.dejanlazic.com\/de\/world-premiere-brahms-lazic-piano-concerto-no-4-after-the-double-concerto-op-102\/","title":{"rendered":"URAUFF\u00dcHRUNG \u2013 Brahms \/ arr. Lazi\u0107: Klavierkonzert &#8222;Nr. 4&#8220; (nach dem Doppelkonzert)"},"content":{"rendered":"<p><span class=\"Y2IQFc\" lang=\"de\"><em><em class=\"versalie\">D<\/em><\/em><\/span>iesen September pr\u00e4sentiert Dejan in den USA erstmals sein neuestes Herzensprojekt: J. Brahms \/ arr. D. Lazi\u0107: Klavierkonzert \u201eNr. 4\u201c in a-Moll (nach dem Doppelkonzert f\u00fcr Violine, Cello und Orchester, op. 102) \u2013 gemeinsam mit dem Fort Worth Symphony Orchestra unter der Leitung von Musikdirektor Robert Spano.<\/p>\n<p>Nach dem enormen weltweiten Erfolg seiner fr\u00fcheren Bearbeitung des Brahms-Violinkonzerts f\u00fcr Klavier und Orchester (die Dejan ebenfalls gemeinsam mit dem Atlanta Symphony Orchestra und Robert Spano eingespielt hat) kehrt er nun mit diesem n\u00e4chsten Meilenstein zur\u00fcck!<\/p>\n<p><a href=\"https:\/\/youtube.com\/shorts\/ljyFxyktbdI?si=roKdmzHAROOw74Bq\" target=\"_blank\" rel=\"noopener\">\ud83d\udcfa SCHAUEN SIE SICH HIER DAS PROMOVIDEO AN \u2013 Brahms \/ arr. Lazi\u0107: Klavierkonzert &#8222;Nr. 4&#8220;<\/a><\/p>\n<p>\u270d\ufe0f Das Fort Worth Symphony Orchestra schreibt: \u201eEin historischer Moment der klassischen Musik steht vom 25. bis 27. September in Fort Worth (Texas, USA) bevor! Zum allerersten Mal bringt der Pianist und Komponist Dejan Lazi\u0107 seine brandneue Bearbeitung von Brahms\u2019 Doppelkonzert auf die B\u00fchne \u2013 dabei werden die Solopartien f\u00fcr Violine und Cello zu einem monumentalen Werk f\u00fcr Klavier und Orchester zusammengef\u00fchrt. Dejan wird das St\u00fcck gemeinsam mit dem FWSO und Robert Spano in drei Konzerten am 25., 26. und 27. September 2026 in der Bass Performance Hall auff\u00fchren.<\/p>\n<p>\u2139\ufe0f Am 15., 16. und 17. April 2027 werden Dejan Lazi\u0107 und Robert Spano zudem gemeinsam mit dem Atlanta Symphony Orchestra auftreten, um dieses Konzert in drei weiteren Auff\u00fchrungen im Woodruff Arts Center in Atlanta (Georgia, USA) zu pr\u00e4sentieren.<\/p>\n<p>\ud83c\udfbb \ud83c\udfbb \ud83d\udc49 \ud83c\udfb9 In seinem Essay \u00fcber diese neue Bearbeitung schreibt Dejan: \u201e<i>Mich fasziniert schon lange die Idee, das Doppelkonzert von Brahms in eine idiomatische <\/i><i>Fassung f\u00fcr Klavier und Orchester zu \u00fcbertragen, insbesondere nach meiner Bearbeitung des <\/i><i>Brahms-Violinkonzerts im Jahr 2009. Meine Inspiration entspringt einem historischen <\/i><i>Pr\u00e4zedenzfall: den Klavierfassungen der Violinkonzerte von Bach und Beethoven, die von den <\/i><i>Komponisten selbst angefertigt wurden. Mit einem gewissen Stolz pr\u00e4sentiere ich das dritte <\/i><i>\u201egro\u00dfe B\u201c in diesem Arrangement <\/i><i>\u2013 <\/i><i>gewisserma\u00dfen gedacht als Brahms\u2019 4. Klavierkonzert. <\/i><\/p>\n<p><i>R\u00fcckblickend ist gut dokumentiert, dass Brahms zahlreiche Bearbeitungen und Transkriptionen <\/i><i>sowohl eigener als auch fremder Werke anfertigte <\/i><i>\u2013 <\/i><i>eine Praxis, die von zeitgen\u00f6ssischen <\/i><i>Komponisten, die wiederum seine Musik arrangierten, gespiegelt wurde. Ich bin \u00fcberzeugt, dass <\/i><i>diese Bem\u00fchungen mehr als gerechtfertigt waren; daher vertraue ich darauf, dass Brahms selbst <\/i><i>dieses Projekt bef\u00fcrworten w\u00fcrde. Dieses Unterfangen wirft nat\u00fcrlich die rhetorische Frage auf, <\/i><i>was eine Transkription, was ein Arrangement oder was eine v\u00f6llig neukonzipierte Fassung in <\/i><i>neuem Gewand ausmacht. Ich glaube, dass der Schl\u00fcssel zur L\u00f6sung dieses R\u00e4tsels im folgenden <\/i><i>Ansatz liegt: Ich habe versucht, die urspr\u00fcnglichen Violin- und Cellostimmen von Grund auf neu zu <\/i><i>konstruieren und die Solostimmen im authentischen Brahms-Stil neu zu komponieren. W\u00e4hrend <\/i><i>des gesamten Prozesses war es mein Leitgedanke, mir genau vorzustellen, wie Brahms selbst an <\/i><i>die Tastatur herangetreten w\u00e4re. Entscheidend ist, dass die Orchesterpartitur dabei v\u00f6llig <\/i><i>unver\u00e4ndert bleibt.<\/i><\/p>\n<p><i>Dar\u00fcber hinaus bietet diese neu gedachte Fassung eine zutiefst koh\u00e4rente Realisation. Auf <\/i><i>struktureller Ebene integriert das Arrangement ganz nat\u00fcrlich brahmsische Kompositionsmerkmale <\/i><i>der Originalversion wie kleine und gro\u00dfe Triolen, lang anhaltende Doppeltriller sowie die komplexe <\/i><i>Gegen\u00fcberstellung von Hemiolen, synkopierten Rhythmen und verschobenen Auftakten. Diese <\/i><i>Elemente spiegeln die pianistische Textur seines Klavierkonzerts Nr. 1 in d-Moll, op. 15, wider. <\/i><i>Sogar die Wahl von D-Dur f\u00fcr den zweiten Satz entspricht der tonalen Architektur des Ersten <\/i><i>Klavierkonzerts, ungeachtet der unterschiedlichen Grundtonarten ihrer Au\u00dfens\u00e4tze. Letztlich <\/i><i>konzentriert sich diese Realisation nicht nur darauf, die Violin- und Cellolinien den beiden H\u00e4nden <\/i><i>des Pianisten zuzuweisen; sie priorisiert vielmehr das reiche Zusammenspiel verschiedener <\/i><i>klanglicher Register, Farben und Stimmungen. Das Kernziel bestand darin, das Werk strikt als ein <\/i><i>eigenst\u00e4ndiges, idiosynkratisches Klavierkonzert neu zu denken.<\/i><\/p>\n<p><i>Dieses Arrangement, das ausschlie\u00dflich aus tiefem Respekt und Bewunderung f\u00fcr den <\/i><i>Komponisten und die Originalversion entstanden ist, zielt darauf ab, die einzigartige Musiksprache <\/i><i>von Brahms in einen neuen Rahmen zu \u00fcbersetzen, ohne ihren urspr\u00fcnglichen k\u00fcnstlerischen Wert <\/i><i>zu schm\u00e4lern. Auf diese Weise bietet es Pianisten die gleiche M\u00f6glichkeit, dieses gro\u00dfartige <\/i><i>Meisterwerk aufzuf\u00fchren und zu genie\u00dfen, wie es Geiger und Cellisten nun schon seit \u00fcber 139 <\/i><i>Jahren tun.\u201d \u2013 Dejan Lazi\u0107, 2026<\/i><\/p>\n<img loading=\"lazy\" decoding=\"async\" class=\"alignnone size-medium wp-image-5101\" src=\"https:\/\/www.dejanlazic.com\/wp-content\/uploads\/2026\/04\/IMG_6395-600x750.jpg\" alt=\"\" width=\"600\" height=\"750\" srcset=\"https:\/\/www.dejanlazic.com\/wp-content\/uploads\/2026\/04\/IMG_6395-600x750.jpg 600w, https:\/\/www.dejanlazic.com\/wp-content\/uploads\/2026\/04\/IMG_6395-768x960.jpg 768w, https:\/\/www.dejanlazic.com\/wp-content\/uploads\/2026\/04\/IMG_6395-400x500.jpg 400w, https:\/\/www.dejanlazic.com\/wp-content\/uploads\/2026\/04\/IMG_6395.jpg 864w\" sizes=\"auto, (max-width: 600px) 100vw, 600px\" \/><img loading=\"lazy\" decoding=\"async\" class=\"alignnone size-medium wp-image-5102\" src=\"https:\/\/www.dejanlazic.com\/wp-content\/uploads\/2026\/04\/IMG_6396-600x783.jpg\" alt=\"\" width=\"600\" height=\"783\" srcset=\"https:\/\/www.dejanlazic.com\/wp-content\/uploads\/2026\/04\/IMG_6396-600x783.jpg 600w, https:\/\/www.dejanlazic.com\/wp-content\/uploads\/2026\/04\/IMG_6396-1400x1827.jpg 1400w, https:\/\/www.dejanlazic.com\/wp-content\/uploads\/2026\/04\/IMG_6396-768x1002.jpg 768w, https:\/\/www.dejanlazic.com\/wp-content\/uploads\/2026\/04\/IMG_6396-1177x1536.jpg 1177w, https:\/\/www.dejanlazic.com\/wp-content\/uploads\/2026\/04\/IMG_6396-400x522.jpg 400w, https:\/\/www.dejanlazic.com\/wp-content\/uploads\/2026\/04\/IMG_6396.jpg 1569w\" sizes=\"auto, (max-width: 600px) 100vw, 600px\" \/>\n<div>\n<img loading=\"lazy\" decoding=\"async\" class=\"size-medium wp-image-5124\" src=\"https:\/\/www.dejanlazic.com\/wp-content\/uploads\/2026\/04\/IMG_6403-600x750.jpeg\" alt=\"\" width=\"600\" height=\"750\" srcset=\"https:\/\/www.dejanlazic.com\/wp-content\/uploads\/2026\/04\/IMG_6403-600x750.jpeg 600w, https:\/\/www.dejanlazic.com\/wp-content\/uploads\/2026\/04\/IMG_6403-768x960.jpeg 768w, https:\/\/www.dejanlazic.com\/wp-content\/uploads\/2026\/04\/IMG_6403-400x500.jpeg 400w, https:\/\/www.dejanlazic.com\/wp-content\/uploads\/2026\/04\/IMG_6403.jpeg 1126w\" sizes=\"auto, (max-width: 600px) 100vw, 600px\" \/><\/p>\n<p><img loading=\"lazy\" decoding=\"async\" class=\"size-medium wp-image-5103\" src=\"https:\/\/www.dejanlazic.com\/wp-content\/uploads\/2026\/04\/IMG_6397-600x765.jpg\" alt=\"\" width=\"600\" height=\"765\" srcset=\"https:\/\/www.dejanlazic.com\/wp-content\/uploads\/2026\/04\/IMG_6397-600x765.jpg 600w, https:\/\/www.dejanlazic.com\/wp-content\/uploads\/2026\/04\/IMG_6397-768x979.jpg 768w, https:\/\/www.dejanlazic.com\/wp-content\/uploads\/2026\/04\/IMG_6397-400x510.jpg 400w, https:\/\/www.dejanlazic.com\/wp-content\/uploads\/2026\/04\/IMG_6397.jpg 1170w\" sizes=\"auto, (max-width: 600px) 100vw, 600px\" \/><\/div>\n","protected":false},"excerpt":{"rendered":"Diesen September pr\u00e4sentiert Dejan in den USA erstmals sein neuestes Herzensprojekt: J. Brahms \/ arr. D. Lazi\u0107: Klavierkonzert \u201eNr. 4\u201c in a-Moll (nach dem Doppelkonzert f\u00fcr Violine, Cello und Orchester, op. 102) \u2013 gemeinsam mit dem Fort Worth Symphony Orchestra unter der Leitung von Musikdirektor Robert Spano. Nach dem enormen weltweiten Erfolg seiner fr\u00fcheren Bearbeitung [&hellip;]","protected":false},"author":3,"featured_media":0,"comment_status":"closed","ping_status":"closed","sticky":false,"template":"","format":"standard","meta":{"_acf_changed":false,"footnotes":""},"categories":[8],"tags":[],"class_list":["post-5126","post","type-post","status-publish","format-standard","hentry","category-unkategorisiert"],"acf":[],"_links":{"self":[{"href":"https:\/\/www.dejanlazic.com\/de\/wp-json\/wp\/v2\/posts\/5126","targetHints":{"allow":["GET"]}}],"collection":[{"href":"https:\/\/www.dejanlazic.com\/de\/wp-json\/wp\/v2\/posts"}],"about":[{"href":"https:\/\/www.dejanlazic.com\/de\/wp-json\/wp\/v2\/types\/post"}],"author":[{"embeddable":true,"href":"https:\/\/www.dejanlazic.com\/de\/wp-json\/wp\/v2\/users\/3"}],"replies":[{"embeddable":true,"href":"https:\/\/www.dejanlazic.com\/de\/wp-json\/wp\/v2\/comments?post=5126"}],"version-history":[{"count":2,"href":"https:\/\/www.dejanlazic.com\/de\/wp-json\/wp\/v2\/posts\/5126\/revisions"}],"predecessor-version":[{"id":5174,"href":"https:\/\/www.dejanlazic.com\/de\/wp-json\/wp\/v2\/posts\/5126\/revisions\/5174"}],"wp:attachment":[{"href":"https:\/\/www.dejanlazic.com\/de\/wp-json\/wp\/v2\/media?parent=5126"}],"wp:term":[{"taxonomy":"category","embeddable":true,"href":"https:\/\/www.dejanlazic.com\/de\/wp-json\/wp\/v2\/categories?post=5126"},{"taxonomy":"post_tag","embeddable":true,"href":"https:\/\/www.dejanlazic.com\/de\/wp-json\/wp\/v2\/tags?post=5126"}],"curies":[{"name":"wp","href":"https:\/\/api.w.org\/{rel}","templated":true}]}}